{"id":225,"date":"2011-11-26T12:56:35","date_gmt":"2011-11-26T15:56:35","guid":{"rendered":"http:\/\/www.arqueologia.cl\/lcornejo\/?p=225"},"modified":"2013-05-25T22:57:28","modified_gmt":"2013-05-26T02:57:28","slug":"tableta-para-alucinogenos-de-la-coleccion-ryden","status":"publish","type":"post","link":"https:\/\/www.arqueologia.cl\/lcornejo\/?p=225","title":{"rendered":"Tableta para alucin\u00f3genos de la colecci\u00f3n Ryden"},"content":{"rendered":"<p><a href=\"https:\/\/www.arqueologia.cl\/lcornejo\/wp-content\/uploads\/2011\/11\/Tableta-Ryden.jpg\"><img data-attachment-id=\"226\" data-permalink=\"https:\/\/www.arqueologia.cl\/lcornejo\/?attachment_id=226\" data-orig-file=\"https:\/\/www.arqueologia.cl\/lcornejo\/wp-content\/uploads\/2011\/11\/Tableta-Ryden.jpg\" data-orig-size=\"662,1023\" data-comments-opened=\"1\" data-image-meta=\"{&quot;aperture&quot;:&quot;0&quot;,&quot;credit&quot;:&quot;&quot;,&quot;camera&quot;:&quot;&quot;,&quot;caption&quot;:&quot;&quot;,&quot;created_timestamp&quot;:&quot;0&quot;,&quot;copyright&quot;:&quot;&quot;,&quot;focal_length&quot;:&quot;0&quot;,&quot;iso&quot;:&quot;0&quot;,&quot;shutter_speed&quot;:&quot;0&quot;,&quot;title&quot;:&quot;&quot;}\" data-image-title=\"Tableta Ryden\" data-image-description=\"\" data-image-caption=\"\" data-medium-file=\"https:\/\/www.arqueologia.cl\/lcornejo\/wp-content\/uploads\/2011\/11\/Tableta-Ryden-194x300.jpg\" data-large-file=\"https:\/\/www.arqueologia.cl\/lcornejo\/wp-content\/uploads\/2011\/11\/Tableta-Ryden.jpg\" decoding=\"async\" loading=\"lazy\" class=\"aligncenter size-full wp-image-226\" title=\"Tableta Ryden\" src=\"https:\/\/www.arqueologia.cl\/lcornejo\/wp-content\/uploads\/2011\/11\/Tableta-Ryden.jpg\" alt=\"\" width=\"318\" height=\"766\" \/><\/a><\/p>\n<p style=\"text-align: justify;\"><span style=\"color: #000000;\">Esta espectacular tableta para alucin\u00f3genos fue incorporada a la colecci\u00f3n del antiguo Museo Etnogr\u00e1fico de Goteburgo (G\u00f6teborg Etnografiska Museet), hoy Museo de las Culturas del Muundo (V\u00e4rldskulturmusset), por el arque\u00f3logo sueco Stig Ryden (1908-1965). Fue colectada en la zona de Chiu Chiu (R\u00edo Loa, Regi\u00f3n de Antofagasta) \u00a0<\/span><span style=\"color: #000000;\">por un ingeniero de la mina de Chiquicamata a principio de los a\u00f1os 40 del siglo pasado (Ryden, S., 1944. <\/span><span style=\"color: #000000;\"><em>Contribution to the archaeology of the r\u00edo Loa Region<\/em>. Elanders Boktryckeri Aktiebolag, G\u00f6teborg).<\/span><\/p>\n","protected":false},"excerpt":{"rendered":"<p>Esta espectacular tableta para alucin\u00f3genos fue incorporada a la colecci\u00f3n del antiguo Museo Etnogr\u00e1fico de Goteburgo (G\u00f6teborg Etnografiska Museet), hoy Museo de las Culturas del Muundo (V\u00e4rldskulturmusset), por el arque\u00f3logo sueco Stig Ryden (1908-1965). Fue colectada en la zona de Chiu Chiu (R\u00edo Loa, Regi\u00f3n de Antofagasta) \u00a0por un ingeniero de la mina de Chiquicamata &hellip; <a href=\"https:\/\/www.arqueologia.cl\/lcornejo\/?p=225\" class=\"more-link\">Seguir leyendo <span class=\"screen-reader-text\">Tableta para alucin\u00f3genos de la colecci\u00f3n Ryden<\/span> <span class=\"meta-nav\">&rarr;<\/span><\/a><\/p>\n","protected":false},"author":1,"featured_media":0,"comment_status":"open","ping_status":"open","sticky":false,"template":"","format":"standard","meta":{"jetpack_post_was_ever_published":false,"_jetpack_newsletter_access":"","_jetpack_newsletter_tier_id":0},"categories":[1],"tags":[],"jetpack_featured_media_url":"","jetpack_shortlink":"https:\/\/wp.me\/p1Zj5N-3D","jetpack_sharing_enabled":true,"_links":{"self":[{"href":"https:\/\/www.arqueologia.cl\/lcornejo\/index.php?rest_route=\/wp\/v2\/posts\/225"}],"collection":[{"href":"https:\/\/www.arqueologia.cl\/lcornejo\/index.php?rest_route=\/wp\/v2\/posts"}],"about":[{"href":"https:\/\/www.arqueologia.cl\/lcornejo\/index.php?rest_route=\/wp\/v2\/types\/post"}],"author":[{"embeddable":true,"href":"https:\/\/www.arqueologia.cl\/lcornejo\/index.php?rest_route=\/wp\/v2\/users\/1"}],"replies":[{"embeddable":true,"href":"https:\/\/www.arqueologia.cl\/lcornejo\/index.php?rest_route=%2Fwp%2Fv2%2Fcomments&post=225"}],"version-history":[{"count":5,"href":"https:\/\/www.arqueologia.cl\/lcornejo\/index.php?rest_route=\/wp\/v2\/posts\/225\/revisions"}],"predecessor-version":[{"id":576,"href":"https:\/\/www.arqueologia.cl\/lcornejo\/index.php?rest_route=\/wp\/v2\/posts\/225\/revisions\/576"}],"wp:attachment":[{"href":"https:\/\/www.arqueologia.cl\/lcornejo\/index.php?rest_route=%2Fwp%2Fv2%2Fmedia&parent=225"}],"wp:term":[{"taxonomy":"category","embeddable":true,"href":"https:\/\/www.arqueologia.cl\/lcornejo\/index.php?rest_route=%2Fwp%2Fv2%2Fcategories&post=225"},{"taxonomy":"post_tag","embeddable":true,"href":"https:\/\/www.arqueologia.cl\/lcornejo\/index.php?rest_route=%2Fwp%2Fv2%2Ftags&post=225"}],"curies":[{"name":"wp","href":"https:\/\/api.w.org\/{rel}","templated":true}]}}